    

{"id":5677,"date":"2019-10-10T06:51:32","date_gmt":"2019-10-10T06:51:32","guid":{"rendered":"http:\/\/zzzzsbg.rs\/?p=5677"},"modified":"2019-10-10T06:52:02","modified_gmt":"2019-10-10T06:52:02","slug":"dodeljena-je-nagrada-za-strucni-i-naucni-doprinos-u-opstoj-medicini-dr-dane-zigic","status":"publish","type":"post","link":"https:\/\/zzzzsbg.rs\/rs\/dodeljena-je-nagrada-za-strucni-i-naucni-doprinos-u-opstoj-medicini-dr-dane-zigic\/","title":{"rendered":"Dodeljena je nagrada za stru\u010dni i nau\u010dni doprinos u op\u0161toj medicini \u201eDr Dane \u017digi\u0107\u201c"},"content":{"rendered":"<p><span style=\"color: #000000;\">U periodu <em><strong>od 26. do 29. septembra 2019.<\/strong><\/em> godine odr\u017ean je<strong> X\u00a0 Kongres lekara op\u0161te\/porodi\u010dne medicine Srbije<\/strong> sa me\u0111unarodnim u\u010de\u0161\u0107em.\u00a0 Na ovom kongresu dodeljena je nagrada za stru\u010dni i nau\u010dni doprinos u op\u0161toj medicini<em><strong> \u201eDr Dane \u017digi\u0107\u201c<\/strong><\/em> na\u0161em lekaru<strong> Dr Sne\u017eani\u00a0 Stojanovi\u0107 Risti\u0107,<\/strong> koja je na kongresu izlo\u017eila svoju doktorksku disertaciju na temu:\u00a0<em><strong> \u201ePrediktivni uticaj aleksitimije u proceni anksioznosti i depresivnosti kod studenata obelilih od bronhijalne astme.\u201c<\/strong><\/em><\/span><\/p>\n<p><a href=\"http:\/\/zzzzsbg.rs\/wp-content\/uploads\/2019\/10\/NagradaSne\u017eanaStojanovi\u0107Risti\u0107.jpg\"><img loading=\"lazy\" decoding=\"async\" class=\"size-large wp-image-5678 aligncenter\" src=\"http:\/\/zzzzsbg.rs\/wp-content\/uploads\/2019\/10\/NagradaSne\u017eanaStojanovi\u0107Risti\u0107-1024x724.jpg\" alt=\"\" width=\"1024\" height=\"724\" srcset=\"https:\/\/zzzzsbg.rs\/wp-content\/uploads\/2019\/10\/NagradaSne\u017eanaStojanovi\u0107Risti\u0107-1024x724.jpg 1024w, https:\/\/zzzzsbg.rs\/wp-content\/uploads\/2019\/10\/NagradaSne\u017eanaStojanovi\u0107Risti\u0107-300x212.jpg 300w, https:\/\/zzzzsbg.rs\/wp-content\/uploads\/2019\/10\/NagradaSne\u017eanaStojanovi\u0107Risti\u0107-768x543.jpg 768w, https:\/\/zzzzsbg.rs\/wp-content\/uploads\/2019\/10\/NagradaSne\u017eanaStojanovi\u0107Risti\u0107.jpg 2048w\" sizes=\"auto, (max-width: 1024px) 100vw, 1024px\" \/><\/a><\/p>","protected":false},"excerpt":{"rendered":"<p>U periodu od 26. do 29. septembra 2019. godine odr\u017ean je X\u00a0 Kongres lekara op\u0161te\/porodi\u010dne medicine Srbije sa me\u0111unarodnim u\u010de\u0161\u0107em.\u00a0 Na ovom kongresu dodeljena je nagrada za stru\u010dni i nau\u010dni doprinos u op\u0161toj medicini \u201eDr <p><a class=\"dp-readon\" href=\"https:\/\/zzzzsbg.rs\/rs\/dodeljena-je-nagrada-za-strucni-i-naucni-doprinos-u-opstoj-medicini-dr-dane-zigic\/\"><span>Detaljnije...<\/span><\/a><\/p><\/p>\n","protected":false},"author":1,"featured_media":0,"comment_status":"closed","ping_status":"open","sticky":false,"template":"","format":"standard","meta":{"footnotes":""},"categories":[3,9],"tags":[],"class_list":["post-5677","post","type-post","status-publish","format-standard","hentry","category-blogg","category-aktuelnosti"],"_links":{"self":[{"href":"https:\/\/zzzzsbg.rs\/rs\/wp-json\/wp\/v2\/posts\/5677","targetHints":{"allow":["GET"]}}],"collection":[{"href":"https:\/\/zzzzsbg.rs\/rs\/wp-json\/wp\/v2\/posts"}],"about":[{"href":"https:\/\/zzzzsbg.rs\/rs\/wp-json\/wp\/v2\/types\/post"}],"author":[{"embeddable":true,"href":"https:\/\/zzzzsbg.rs\/rs\/wp-json\/wp\/v2\/users\/1"}],"replies":[{"embeddable":true,"href":"https:\/\/zzzzsbg.rs\/rs\/wp-json\/wp\/v2\/comments?post=5677"}],"version-history":[{"count":0,"href":"https:\/\/zzzzsbg.rs\/rs\/wp-json\/wp\/v2\/posts\/5677\/revisions"}],"wp:attachment":[{"href":"https:\/\/zzzzsbg.rs\/rs\/wp-json\/wp\/v2\/media?parent=5677"}],"wp:term":[{"taxonomy":"category","embeddable":true,"href":"https:\/\/zzzzsbg.rs\/rs\/wp-json\/wp\/v2\/categories?post=5677"},{"taxonomy":"post_tag","embeddable":true,"href":"https:\/\/zzzzsbg.rs\/rs\/wp-json\/wp\/v2\/tags?post=5677"}],"curies":[{"name":"wp","href":"https:\/\/api.w.org\/{rel}","templated":true}]}}